[{"@context":"https:\/\/schema.org\/","@type":"Article","@id":"https:\/\/www.evprag.cz\/ctete-denne-nase-zpravodajstvi\/#Article","mainEntityOfPage":"https:\/\/www.evprag.cz\/ctete-denne-nase-zpravodajstvi\/","headline":"\u010ct\u011bte denn\u011b na\u0161e zpravodajstv\u00ed","name":"\u010ct\u011bte denn\u011b na\u0161e zpravodajstv\u00ed","description":"M\u00e1te ji\u017e dostatek informac\u00ed o na\u0161em sportovn\u00edm odv\u011btv\u00ed? Pokud nikoliv, zapn\u011bte si n\u00e1s a v\u0161echno aktu\u00e1ln\u00ed se hned dozv\u00edte. M\u016f\u017eete &hellip;","datePublished":"2024-12-28","dateModified":"2024-12-28","author":{"@type":"Person","@id":"https:\/\/www.evprag.cz\/author\/#Person","name":"","url":"https:\/\/www.evprag.cz\/author\/","identifier":1,"image":{"@type":"ImageObject","@id":"https:\/\/secure.gravatar.com\/avatar\/2d2764a424a89ac38785df784051989f5c5cb264a2405c7e5d24c1907a83f0fb?s=96&d=mm&r=g","url":"https:\/\/secure.gravatar.com\/avatar\/2d2764a424a89ac38785df784051989f5c5cb264a2405c7e5d24c1907a83f0fb?s=96&d=mm&r=g","height":96,"width":96}},"publisher":{"@type":"Organization","name":"evprag.cz","logo":{"@type":"ImageObject","@id":"\/logo.png","url":"\/logo.png","width":600,"height":60}},"url":"https:\/\/www.evprag.cz\/ctete-denne-nase-zpravodajstvi\/","wordCount":181,"articleBody":"M\u00e1te ji\u017e dostatek informac\u00ed o na\u0161em sportovn\u00edm odv\u011btv\u00ed? Pokud nikoliv, zapn\u011bte si n\u00e1s a v\u0161echno aktu\u00e1ln\u00ed se hned dozv\u00edte. M\u016f\u017eete si p\u0159e\u010d\u00edst, kdo je nejlep\u0161\u00ed na \u017eeb\u0159\u00ed\u010dku ATP. Najdete tam mnoho rozhovor\u016f nejen s hr\u00e1\u010di, ale tak\u00e9 s tren\u00e9ry. Pozn\u00e1te, \u017ee toto sportovn\u00ed odv\u011btv\u00ed nen\u00ed v\u016fbec jednoduch\u00e9 a vy\u017eaduje dlouhou a n\u00e1ro\u010dnou p\u0159\u00edpravu. Sledujte na\u0161e na tenise on line. Sez\u00f3nu \u017eeny zakon\u010dily v\u00edt\u011bzstv\u00edm ve Fed Cupu Vid\u011bli jste jednotliv\u00e9 z\u00e1pasy na\u0161ich \u017een ve Fed Cupu? \u0158ada z v\u00e1s byla p\u0159\u00edtomna na fin\u00e1le, kter\u00e9 se tentokr\u00e1t uskute\u010dnilo v Praze. Kdo nem\u011bl mo\u017enost b\u00fdt tam, jist\u011b si nezapomn\u011bl zapnout televizi. Dal\u0161\u00ed variantou bylo zapnout si n\u00e1s a uvid\u011bt v\u0161echny z\u00e1pasy s tenisem on line. Jak to bude v p\u0159\u00ed\u0161t\u00edm roce? Na to si budeme muset je\u0161t\u011b chv\u00edli po\u010dkat. Budeme zase p\u0159itom.                                                                                                                                                                                                                                                                                                                                                                                        5\/5 - (2 votes)        "},{"@context":"https:\/\/schema.org\/","@type":"BreadcrumbList","itemListElement":[{"@type":"ListItem","position":1,"name":"\u010ct\u011bte denn\u011b na\u0161e zpravodajstv\u00ed","item":"https:\/\/www.evprag.cz\/ctete-denne-nase-zpravodajstvi\/#breadcrumbitem"}]}]