[{"@context":"https:\/\/schema.org\/","@type":"Article","@id":"https:\/\/www.evprag.cz\/efektivni-zdroj-svetla-to-je-osram-dulux\/#Article","mainEntityOfPage":"https:\/\/www.evprag.cz\/efektivni-zdroj-svetla-to-je-osram-dulux\/","headline":"Efektivn\u00ed zdroj sv\u011btla, to je Osram Dulux","name":"Efektivn\u00ed zdroj sv\u011btla, to je Osram Dulux","description":"A\u010dkoliv je mnoho lid\u00ed ozna\u010duje p\u0159edev\u0161\u00edm jako \u00fasporn\u00e9, jsou kompaktn\u00ed z\u00e1\u0159ivky ur\u010den\u00e9 k pom\u011brn\u011b jin\u00e9mu \u00fa\u010delu, ne\u017e \u017ee by m\u011bly &hellip;","datePublished":"2018-12-23","dateModified":"2023-05-03","author":{"@type":"Person","@id":"https:\/\/www.evprag.cz\/author\/#Person","name":"","url":"https:\/\/www.evprag.cz\/author\/","identifier":1,"image":{"@type":"ImageObject","@id":"https:\/\/secure.gravatar.com\/avatar\/2d2764a424a89ac38785df784051989f5c5cb264a2405c7e5d24c1907a83f0fb?s=96&d=mm&r=g","url":"https:\/\/secure.gravatar.com\/avatar\/2d2764a424a89ac38785df784051989f5c5cb264a2405c7e5d24c1907a83f0fb?s=96&d=mm&r=g","height":96,"width":96}},"publisher":{"@type":"Organization","name":"evprag.cz","logo":{"@type":"ImageObject","@id":"\/logo.png","url":"\/logo.png","width":600,"height":60}},"image":{"@type":"ImageObject","@id":"https:\/\/www.evprag.cz\/wp-content\/uploads\/img_a335275_w1724_t1548663445.jpg","url":"https:\/\/www.evprag.cz\/wp-content\/uploads\/img_a335275_w1724_t1548663445.jpg","height":0,"width":0},"url":"https:\/\/www.evprag.cz\/efektivni-zdroj-svetla-to-je-osram-dulux\/","about":["Produkty"],"wordCount":398,"articleBody":"   A\u010dkoliv je mnoho lid\u00ed ozna\u010duje p\u0159edev\u0161\u00edm jako \u00fasporn\u00e9, jsou kompaktn\u00ed z\u00e1\u0159ivky ur\u010den\u00e9 k pom\u011brn\u011b jin\u00e9mu \u00fa\u010delu, ne\u017e \u017ee by m\u011bly v prvn\u00ed \u0159ad\u011b \u0161et\u0159it pen\u00edze. Samoz\u0159ejm\u011b, \u017ee n\u011bkter\u00e9 z typ\u016f jsou opravdu \u00fasporn\u00e9, av\u0161ak zpravidla plat\u00ed, \u017ee jde zkr\u00e1tka o z\u00e1\u0159ivky v ur\u010dit\u00e9m tvarov\u00e9m proveden\u00ed. Proto\u017ee se jedn\u00e1 o p\u0159\u00edvlastek kompaktn\u00ed, je mo\u017en\u00e9 ch\u00e1pat tento zdroj sv\u011btla jako zmen\u0161enou verzi klasick\u00fdch trubicov\u00fdch z\u00e1\u0159ivek. Jako p\u0159\u00edklad lze uv\u00e9st Osram Dulux, co\u017e je produktov\u00e1 \u0159ada kvalitn\u00edch kompaktn\u00edch z\u00e1\u0159ivek, kter\u00e9 disponuj\u00ed hned n\u011bkolika zaj\u00edmav\u00fdmi vlastnostmi:   Velmi dlouh\u00e1 \u017eivotnost (des\u00edtky tis\u00edc hodin sv\u00edcen\u00ed) Mo\u017enost instalace do standardn\u00edch patic (E27, E14 apod.) Standardn\u00ed hodnoty p\u0159\u00edkon\u016f (8W, 11W, 14W, 18W, 21W, 27W a dal\u0161\u00ed) \u0160irok\u00e9 spektrum sv\u011bteln\u00e9ho toku  P\u0159\u00edzniv\u00e1 po\u0159izovac\u00ed cena  N\u011bkoho m\u016f\u017ee napadnout, \u017ee tento zdroj sv\u011btla m\u016f\u017ee konkurovat klasick\u00fdm \u017e\u00e1rovk\u00e1m. A\u010dkoliv je to z \u010d\u00e1sti pravda, je nutn\u00e9 uv\u011bdomit si v\u00fdhody a nev\u00fdhody jednotliv\u00fdch zdroj\u016f sv\u011btla. Zat\u00edmco n\u011bkter\u00fd je ur\u010den\u00fd sp\u00ed\u0161e pro ob\u010dasn\u00e9 sv\u00edcen\u00ed, n\u011bkter\u00e9 jsou naopak dimenzov\u00e1ny pro neust\u00e1l\u00e9 sv\u00edcen\u00ed, od \u010deho se odv\u00edj\u00ed nejenom n\u00e1stup pln\u00e9 intenzity sv\u011btla, ale tak\u00e9 po\u0159izovac\u00ed cena nebo \u017eivotnost.   Zvolte variantu, kter\u00e1 bude pro va\u0161e \u00fa\u010dely tou nejlep\u0161\u00ed Naj\u00edt n\u011bkdy osv\u011btlen\u00ed, kter\u00e9 bude svou podstatou opravdu kvalitn\u00ed, to se m\u016f\u017ee zd\u00e1t jako velmi slo\u017eit\u00fd \u00fakol. Na\u0161t\u011bst\u00ed pro v\u00e1s je v\u0161ak sortiment kompaktn\u00edch z\u00e1\u0159ivek Osram Dulux velmi bohat\u00fd, a proto si mezi t\u011bmito zdroji sv\u011btla vyberete ten, kter\u00fd se bude sv\u00fdmi vlastnostmi bl\u00ed\u017eit va\u0161emu ide\u00e1lu, co se t\u00fd\u010de po\u017eadavk\u016f. Osram je sv\u011btozn\u00e1m\u00e1 zna\u010dka, kter\u00e1 m\u00e1 mnoho let zku\u0161enost\u00ed, a proto m\u016f\u017eete bez sebemen\u0161\u00edho zav\u00e1h\u00e1n\u00ed do tohoto zdroje sv\u011btla zainvestovat a m\u00edt jistotu, \u017ee budete spokojeni. V ka\u017ed\u00e9m p\u0159\u00edpad\u011b byste si v\u0161ak m\u011bli na za\u010d\u00e1tku sv\u00e9ho sna\u017een\u00ed stanovit po\u017eadavky, d\u00edky kter\u00fdm budete moci vyb\u00edrat ji\u017e od za\u010d\u00e1tku c\u00edlen\u011b.                                                                                                                                                                                                                                                                                                                                                                                         3.7\/5 - (8 votes)        "},{"@context":"https:\/\/schema.org\/","@type":"BreadcrumbList","itemListElement":[{"@type":"ListItem","position":1,"name":"Efektivn\u00ed zdroj sv\u011btla, to je Osram Dulux","item":"https:\/\/www.evprag.cz\/efektivni-zdroj-svetla-to-je-osram-dulux\/#breadcrumbitem"}]}]