[{"@context":"https:\/\/schema.org\/","@type":"Article","@id":"https:\/\/www.evprag.cz\/kdy-se-na-muze-zapomina\/#Article","mainEntityOfPage":"https:\/\/www.evprag.cz\/kdy-se-na-muze-zapomina\/","headline":"Kdy se na mu\u017ee zapom\u00edn\u00e1","name":"Kdy se na mu\u017ee zapom\u00edn\u00e1","description":"Lid\u00e9 r\u00e1di slav\u00ed, a d\u011bkuj\u00ed, a tak je jasn\u00e9, \u017ee dny jako MD\u017d, nebo Den matek znamenaj\u00ed vy\u0161\u0161\u00ed tr\u017eby soust\u011b &hellip;","datePublished":"2021-08-22","dateModified":"2023-05-03","author":{"@type":"Person","@id":"https:\/\/www.evprag.cz\/author\/#Person","name":"","url":"https:\/\/www.evprag.cz\/author\/","identifier":1,"image":{"@type":"ImageObject","@id":"https:\/\/secure.gravatar.com\/avatar\/2d2764a424a89ac38785df784051989f5c5cb264a2405c7e5d24c1907a83f0fb?s=96&d=mm&r=g","url":"https:\/\/secure.gravatar.com\/avatar\/2d2764a424a89ac38785df784051989f5c5cb264a2405c7e5d24c1907a83f0fb?s=96&d=mm&r=g","height":96,"width":96}},"publisher":{"@type":"Organization","name":"evprag.cz","logo":{"@type":"ImageObject","@id":"\/logo.png","url":"\/logo.png","width":600,"height":60}},"image":{"@type":"ImageObject","@id":"https:\/\/www.evprag.cz\/wp-content\/uploads\/man-2037255_640_4.jpg","url":"https:\/\/www.evprag.cz\/wp-content\/uploads\/man-2037255_640_4.jpg","height":0,"width":0},"url":"https:\/\/www.evprag.cz\/kdy-se-na-muze-zapomina\/","about":["Mu\u017ei\r"],"wordCount":571,"articleBody":"Lid\u00e9 r\u00e1di slav\u00ed, a d\u011bkuj\u00ed, a tak je jasn\u00e9, \u017ee dny jako MD\u017d, nebo Den matek znamenaj\u00ed vy\u0161\u0161\u00ed tr\u017eby soust\u011b prodejc\u016f. Kdo by si dovolil opomenout pop\u0159\u00e1t \u017een\u011b k Mezin\u00e1rodn\u00edmu dni \u017een, nebo ke Dni matek, byl by okam\u017eit\u00fdm vyvrhelem, a za sv\u016fj ohavn\u00fd \u010din by zaplatil na\u0161tvan\u00fdmi pohledy, nep\u0159\u00edjemn\u00fdm bru\u010den\u00edm, a mo\u017en\u00e1 i studenou ve\u010de\u0159\u00ed. A\u010dkoliv existuje i Den otc\u016f, a Mezin\u00e1rodn\u00ed den mu\u017e\u016f, nejsou u\u017e slaveny tak hojn\u011b, a na mu\u017ee se zapom\u00edn\u00e1. Pro\u010d tomu tak je?Siln\u00fd hlas feminismuNen\u00ed to tak d\u00e1vno, kdy byla role \u017eeny ve spole\u010dnosti pod\u0159adn\u00e1 roli mu\u017ee. \u017deny nem\u011bly pr\u00e1vo volit, jejich n\u00e1zory byly br\u00e1ny s nads\u00e1zkou, a v n\u011bkter\u00fdch situac\u00edch ani nesm\u011bly fungovat bez mu\u017esk\u00e9 spole\u010dnosti. Kdy\u017e hlasy feministek dos\u00e1hly sv\u00e9ho c\u00edle, a \u017eeny se staly rovnopr\u00e1vn\u00fdmi, boj je\u0161t\u011b neskon\u010dil. St\u00e1le se toti\u017e st\u00e1v\u00e1, \u017ee \u017eeny maj\u00ed na stejn\u00e9 pozici jako mu\u017ei ni\u017e\u0161\u00ed platy, jsou pova\u017eov\u00e1ny za p\u0159\u00edli\u0161 k\u0159ehk\u00e9 k n\u011bkter\u00fdm \u010dinnostem, a kv\u016fli sv\u00fdm mate\u0159sk\u00fdm povinnostem maj\u00ed n\u00e1ro\u010dn\u011bj\u0161\u00ed sh\u00e1n\u011bn\u00ed zam\u011bstn\u00e1n\u00ed. A proto se za sv\u00e1 pr\u00e1va bij\u00ed tak hlasit\u011b, \u017ee ta mu\u017esk\u00e1 musela ustoupit do pozad\u00ed. Jakoby si tedy \u017eeny zaslou\u017eily v\u011bt\u0161\u00ed \u00factu, jsou p\u0159i r\u016fzn\u00fdch p\u0159\u00edle\u017eitostech obdarov\u00e1v\u00e1ny, a kdy\u017e se pak zapomene na Den otc\u016f, \u010di mu\u017e\u016f, jako by se vlastn\u011b nic nestalo.Je tedy mu\u017e m\u00e9n\u011b, ne\u017e \u017eena, proto\u017ee nem\u016f\u017ee rodit d\u011bti? Je otec m\u00e9n\u011b ne\u017e matka, kter\u00e1 se vzd\u00e1v\u00e1 kari\u00e9ry, aby se starala o d\u011bti?Podle n\u011bkter\u00fdch m\u011b\u0159\u00edtek to tak m\u016f\u017ee vyzn\u00edt, av\u0161ak je d\u016fle\u017eit\u00e9 pochopit, \u017ee i mu\u017e m\u016f\u017ee z\u016fstat na mate\u0159sk\u00e9, a a\u010dkoliv nem\u016f\u017ee porodit d\u00edt\u011b, bez jeho p\u0159isp\u011bn\u00ed by nemohla ani \u017eena. Ve skute\u010dnosti v\u0161ak hodnota \u010dlov\u011bka nesouvis\u00ed s jeho pohlav\u00edm, ale s t\u00edm, co d\u011bl\u00e1 pro spole\u010dnost, a tak\u00e9 pro svoji rodinu. Mnoz\u00ed otcov\u00e9 toti\u017e vyd\u011bl\u00e1vaj\u00ed pen\u00edze, aby dop\u0159\u00e1ly sv\u00fdm \u017een\u00e1m i d\u011btem to nejlep\u0161\u00ed, voln\u00fd \u010das tr\u00e1v\u00ed na v\u00fdletech s rodinou, um\u00ed si uva\u0159it, vyprat, a ukl\u00edz\u00ed si po sob\u011b. n\u011bkte\u0159\u00ed to maj\u00ed v povaze, jin\u00e9 k tomu donutila modern\u00ed doba, ve kter\u00e9 u\u017e nen\u00ed \u017eena danou hospody\u0148kou. V\u0161e je toti\u017e o tom, jak si to p\u00e1r nastav\u00ed, a pokud to ob\u011bma klape, nen\u00ed zde \u017e\u00e1dn\u00e9 m\u00e9n\u011bcennosti.Jak to zm\u011bnit?Mu\u017ei by se mohli semknout, stejn\u011b jako kdysi \u017eeny, a uk\u00e1zat, \u017ee i na nich z\u00e1le\u017e\u00ed. Jeliko\u017e se v\u0161ak o takov\u00e9 nesmysly nezaj\u00edmaj\u00ed, a jsou spokojen\u00ed, jak jsou, to se nejsp\u00ed\u0161 nestane. Jedin\u00fd kdo to tedy m\u016f\u017ee zm\u011bnit, jsou jednotlivci. \u017deny, kter\u00e9 si dny oslavy mu\u017e\u016f a otc\u016f zap\u00ed\u0161ou do kalend\u00e1\u0159e, a v\u017edy je pot\u011b\u0161\u00ed n\u011bjak\u00fdm d\u00e1re\u010dkem, upozorn\u00ed sv\u00e9 d\u011bti, aby otci n\u011bco vytvo\u0159ily, a nebudou se styd\u011bt hrd\u011b prezentovat mu\u017ee, kte\u0159\u00ed jsou pro n\u011b d\u016fle\u017eit\u00ed.                                                                                                                                                                                                                                                                                                                                                                                        4.2\/5 - (6 votes)        "},{"@context":"https:\/\/schema.org\/","@type":"BreadcrumbList","itemListElement":[{"@type":"ListItem","position":1,"name":"Kdy se na mu\u017ee zapom\u00edn\u00e1","item":"https:\/\/www.evprag.cz\/kdy-se-na-muze-zapomina\/#breadcrumbitem"}]}]