[{"@context":"https:\/\/schema.org\/","@type":"Article","@id":"https:\/\/www.evprag.cz\/obdobi-mody-v-19-a-20-stoleti-v-evrope\/#Article","mainEntityOfPage":"https:\/\/www.evprag.cz\/obdobi-mody-v-19-a-20-stoleti-v-evrope\/","headline":"Obdob\u00ed m\u00f3dy v 19. a 20. stolet\u00ed v Evrop\u011b","name":"Obdob\u00ed m\u00f3dy v 19. a 20. stolet\u00ed v Evrop\u011b","description":"Co se m\u00f3dy t\u00fd\u010de, jej\u00ed ko\u0159eny sahaj\u00ed a\u017e do ran\u00e9ho st\u0159edov\u011bku. Od\u011bv v t\u00e9to dob\u011b byl velmi jednoduch\u00fd. Pozd\u011bji existovalo &hellip;","datePublished":"2025-02-26","dateModified":"2023-05-03","author":{"@type":"Person","@id":"https:\/\/www.evprag.cz\/author\/#Person","name":"","url":"https:\/\/www.evprag.cz\/author\/","identifier":1,"image":{"@type":"ImageObject","@id":"https:\/\/secure.gravatar.com\/avatar\/2d2764a424a89ac38785df784051989f5c5cb264a2405c7e5d24c1907a83f0fb?s=96&d=mm&r=g","url":"https:\/\/secure.gravatar.com\/avatar\/2d2764a424a89ac38785df784051989f5c5cb264a2405c7e5d24c1907a83f0fb?s=96&d=mm&r=g","height":96,"width":96}},"publisher":{"@type":"Organization","name":"evprag.cz","logo":{"@type":"ImageObject","@id":"\/logo.png","url":"\/logo.png","width":600,"height":60}},"image":{"@type":"ImageObject","@id":"https:\/\/www.evprag.cz\/wp-content\/uploads\/img_a288742_w2165_t1499720228.jpg","url":"https:\/\/www.evprag.cz\/wp-content\/uploads\/img_a288742_w2165_t1499720228.jpg","height":0,"width":0},"url":"https:\/\/www.evprag.cz\/obdobi-mody-v-19-a-20-stoleti-v-evrope\/","wordCount":420,"articleBody":"Co se m\u00f3dy t\u00fd\u010de, jej\u00ed ko\u0159eny sahaj\u00ed a\u017e do ran\u00e9ho st\u0159edov\u011bku. Od\u011bv v t\u00e9to dob\u011b byl velmi jednoduch\u00fd. Pozd\u011bji existovalo mnoho kultur a ka\u017ed\u00e1 kultura m\u011bla sv\u016fj specifick\u00fd od\u011bv. Nap\u0159\u00edklad pro It\u00e1lii byla typick\u00e1 honosnost od\u011bv\u016f, ve \u0160pan\u011blsku byla typick\u00e1 upjatost a v N\u011bmecku se jednalo o kombinaci italsk\u00e9 a francouzsk\u00e9 m\u00f3dy. V Anglii se na p\u0159elomu 18. a 19. stolet\u00ed objevila m\u00f3da, kter\u00e1 byla o dost jednodu\u0161\u0161\u00ed ne\u017e m\u00f3da francouzsk\u00e1. My se dnes zam\u011b\u0159\u00edme konkr\u00e9tn\u011b na m\u00f3du 19. a 20. stolet\u00ed v Evropsk\u00fdch zem\u00edch.M\u00f3da 19. stolet\u00ed M\u00f3da se nejv\u00edce rozvinula a\u017e po Velk\u00e9 francouzsk\u00e9 revoluci. Co se t\u00fdk\u00e1 mu\u017e\u016f, ti m\u011bli kab\u00e1ty \u0161it\u00e9 z vln\u011bn\u00fdch tkanin. Byly pohodln\u00e9, m\u011bly u\u017e\u0161\u00ed l\u00edmec a dlouh\u00e9 ruk\u00e1vy. Nohavice byly tvo\u0159eny i z k\u016f\u017ee. Sahaly pouze po kolena. Dopl\u0148kem byla nap\u0159\u00edklad vesta a kravata. Zaj\u00edmavost\u00ed bylo, \u017ee se obt\u00e1\u010dela n\u011bkolikr\u00e1t kolem krku a v\u00e1zala se na uzel. U \u017een se pou\u017e\u00edvaly vycp\u00e1vky, kter\u00e9 se nej\u010dast\u011bji d\u00e1valy do pasu a bok\u016f. Pou\u017e\u00edvaly se i korzety, kter\u00e9 se ale d\u00e1valy pouze pod n\u011bkter\u00e9 typy \u0161at\u016f. Barva byla nej\u010dast\u011bji b\u00edl\u00e1 nebo jemn\u011b vzorovan\u00e1. Co se t\u00fd\u010de v\u00fdst\u0159ih\u016f, ty byly v tehdej\u0161\u00ed dob\u011b men\u0161\u00ed, ale zato ruk\u00e1vy byly del\u0161\u00ed. \u017deny se p\u0159est\u00e1valy pozd\u011bji pudrovat a m\u011bly vlasy upraveny do bohat\u00fdch loken.M\u00f3da 20. stolet\u00edZ\u00e1kladem od\u00edv\u00e1n\u00ed v tomto stolet\u00ed bylo p\u0159ed a b\u011bhem prvn\u00ed sv\u011btov\u00e9 v\u00e1lky postaveno na korzetech a dlouh\u00fdch sukn\u00edch. V\u00fdst\u0159ihy zde u\u017e byly v\u011bt\u0161\u00ed a za\u010daly odhalovat krk. Za\u010daly se zde rozv\u00edjet l\u00e1tky zdoben\u00e9 zlatem, st\u0159\u00edbrem a ocel\u00ed. Po v\u00e1lce se sukn\u011b zkr\u00e1tily nad kolena a \u0161aty se \u0161ily jen s ram\u00ednky nebo kr\u00e1tk\u00fdmi ruk\u00e1vy. Za\u010dalo se zde nosit mik\u00e1do nebo drdoly. B\u011bhem druh\u00e9 sv\u011btov\u00e9 v\u00e1lky se oble\u010den\u00ed \u0161ilo z velmi barevn\u00e9 bavlny. Sukn\u011b byly \u00fazk\u00e9 a sahaly nad kolena. Typick\u00e1 byla i hranat\u011b vycpan\u00e1 ramena. Po druh\u00e9 sv\u011btov\u00e9 v\u00e1lce se m\u00f3da m\u011bnila neust\u00e1le. M\u011bnila se d\u00edky tomu, \u017ee ka\u017ed\u00fd n\u00e1vrh\u00e1\u0159 m\u011bl sv\u016fj vlastn\u00ed styl a vlastn\u00ed p\u0159\u00edstup.                                                                                                                                                                                                                                                                                                                                                                                        3.7\/5 - (8 votes)        "},{"@context":"https:\/\/schema.org\/","@type":"BreadcrumbList","itemListElement":[{"@type":"ListItem","position":1,"name":"Obdob\u00ed m\u00f3dy v 19. a 20. stolet\u00ed v Evrop\u011b","item":"https:\/\/www.evprag.cz\/obdobi-mody-v-19-a-20-stoleti-v-evrope\/#breadcrumbitem"}]}]