[{"@context":"https:\/\/schema.org\/","@type":"Blog","@id":"https:\/\/www.evprag.cz#Blog","headline":"Evprag","description":"\nV\u00edte, odkud se bere ve\u0161ker\u00e1 moudrost tohoto sv\u011bta? Z mal\u00fdch a jen zd\u00e1nliv\u011b bezv\u00fdznamn\u00fdch pram\u00ednk\u016f takov\u00e9 moudrosti, jedn\u00edm z nich\u017e je i na\u0161e internetov\u00e1 str\u00e1nka.","url":"https:\/\/www.evprag.cz","hasPart":[{"@type":"Article","@id":"https:\/\/www.evprag.cz\/pohodli-a-jednoduchy-styl\/","headline":"Pohodl\u00ed a jednoduch\u00fd styl","url":"https:\/\/www.evprag.cz\/pohodli-a-jednoduchy-styl\/","datePublished":"2020-07-12","dateModified":"2023-05-03","mainEntityOfPage":"https:\/\/www.evprag.cz\/pohodli-a-jednoduchy-styl\/","author":{"@type":"Person","@id":"https:\/\/www.evprag.cz\/author\/#Person","name":"","url":"https:\/\/www.evprag.cz\/author\/","identifier":1,"image":{"@type":"ImageObject","@id":"https:\/\/secure.gravatar.com\/avatar\/2d2764a424a89ac38785df784051989f5c5cb264a2405c7e5d24c1907a83f0fb?s=96&d=mm&r=g","url":"https:\/\/secure.gravatar.com\/avatar\/2d2764a424a89ac38785df784051989f5c5cb264a2405c7e5d24c1907a83f0fb?s=96&d=mm&r=g","height":96,"width":96}},"publisher":{"@type":"Organization","name":"evprag.cz","logo":{"@type":"ImageObject","@id":"\/logo.png","url":"\/logo.png","width":600,"height":60}},"image":{"@type":"ImageObject","@id":"https:\/\/www.evprag.cz\/wp-content\/uploads\/postel2.jpg","url":"https:\/\/www.evprag.cz\/wp-content\/uploads\/postel2.jpg","height":0,"width":0},"wordCount":636,"keywords":null},{"@type":"Article","@id":"https:\/\/www.evprag.cz\/uz-ti-nejmensi-deti-si-mohou-uzit-radost-z-jizdy\/","headline":"U\u017e ti nejmen\u0161\u00ed d\u011bti si mohou u\u017e\u00edt radost z j\u00edzdy","url":"https:\/\/www.evprag.cz\/uz-ti-nejmensi-deti-si-mohou-uzit-radost-z-jizdy\/","datePublished":"2020-06-22","dateModified":"2023-05-03","mainEntityOfPage":"https:\/\/www.evprag.cz\/uz-ti-nejmensi-deti-si-mohou-uzit-radost-z-jizdy\/","author":{"@type":"Person","@id":"https:\/\/www.evprag.cz\/author\/#Person","name":"","url":"https:\/\/www.evprag.cz\/author\/","identifier":1,"image":{"@type":"ImageObject","@id":"https:\/\/secure.gravatar.com\/avatar\/2d2764a424a89ac38785df784051989f5c5cb264a2405c7e5d24c1907a83f0fb?s=96&d=mm&r=g","url":"https:\/\/secure.gravatar.com\/avatar\/2d2764a424a89ac38785df784051989f5c5cb264a2405c7e5d24c1907a83f0fb?s=96&d=mm&r=g","height":96,"width":96}},"publisher":{"@type":"Organization","name":"evprag.cz","logo":{"@type":"ImageObject","@id":"\/logo.png","url":"\/logo.png","width":600,"height":60}},"image":{"@type":"ImageObject","@id":"https:\/\/www.evprag.cz\/wp-content\/uploads\/d%C3%ADt%C4%9B%20na%20kole.jpg","url":"https:\/\/www.evprag.cz\/wp-content\/uploads\/d%C3%ADt%C4%9B%20na%20kole.jpg","height":0,"width":0},"wordCount":778,"keywords":null},{"@type":"Article","@id":"https:\/\/www.evprag.cz\/kokosove-maslo-aneb-nebe-na-jazyku\/","headline":"Kokosov\u00e9 m\u00e1slo aneb nebe na jazyku","url":"https:\/\/www.evprag.cz\/kokosove-maslo-aneb-nebe-na-jazyku\/","datePublished":"2020-06-21","dateModified":"2023-05-03","mainEntityOfPage":"https:\/\/www.evprag.cz\/kokosove-maslo-aneb-nebe-na-jazyku\/","author":{"@type":"Person","@id":"https:\/\/www.evprag.cz\/author\/#Person","name":"","url":"https:\/\/www.evprag.cz\/author\/","identifier":1,"image":{"@type":"ImageObject","@id":"https:\/\/secure.gravatar.com\/avatar\/2d2764a424a89ac38785df784051989f5c5cb264a2405c7e5d24c1907a83f0fb?s=96&d=mm&r=g","url":"https:\/\/secure.gravatar.com\/avatar\/2d2764a424a89ac38785df784051989f5c5cb264a2405c7e5d24c1907a83f0fb?s=96&d=mm&r=g","height":96,"width":96}},"publisher":{"@type":"Organization","name":"evprag.cz","logo":{"@type":"ImageObject","@id":"\/logo.png","url":"\/logo.png","width":600,"height":60}},"image":{"@type":"ImageObject","@id":"https:\/\/www.evprag.cz\/wp-content\/uploads\/kokosov%C3%BD%20o%C5%99ech_2.jpeg","url":"https:\/\/www.evprag.cz\/wp-content\/uploads\/kokosov%C3%BD%20o%C5%99ech_2.jpeg","height":0,"width":0},"wordCount":706,"keywords":null},{"@type":"Article","@id":"https:\/\/www.evprag.cz\/mate-malo-mista-mozna-by-pomohl-novy-nabytek\/","headline":"M\u00e1te m\u00e1lo m\u00edsta? Mo\u017en\u00e1 by pomohl nov\u00fd n\u00e1bytek","url":"https:\/\/www.evprag.cz\/mate-malo-mista-mozna-by-pomohl-novy-nabytek\/","datePublished":"2020-05-08","dateModified":"2023-05-03","mainEntityOfPage":"https:\/\/www.evprag.cz\/mate-malo-mista-mozna-by-pomohl-novy-nabytek\/","author":{"@type":"Person","@id":"https:\/\/www.evprag.cz\/author\/#Person","name":"","url":"https:\/\/www.evprag.cz\/author\/","identifier":1,"image":{"@type":"ImageObject","@id":"https:\/\/secure.gravatar.com\/avatar\/2d2764a424a89ac38785df784051989f5c5cb264a2405c7e5d24c1907a83f0fb?s=96&d=mm&r=g","url":"https:\/\/secure.gravatar.com\/avatar\/2d2764a424a89ac38785df784051989f5c5cb264a2405c7e5d24c1907a83f0fb?s=96&d=mm&r=g","height":96,"width":96}},"publisher":{"@type":"Organization","name":"evprag.cz","logo":{"@type":"ImageObject","@id":"\/logo.png","url":"\/logo.png","width":600,"height":60}},"image":{"@type":"ImageObject","@id":"https:\/\/www.evprag.cz\/wp-content\/uploads\/Vestav%C4%9Bn%C3%A9%20sk%C5%99%C3%ADn%C4%9B%20jsou%20efektivn%C4%9Bj%C5%A1%C3%AD.jpg","url":"https:\/\/www.evprag.cz\/wp-content\/uploads\/Vestav%C4%9Bn%C3%A9%20sk%C5%99%C3%ADn%C4%9B%20jsou%20efektivn%C4%9Bj%C5%A1%C3%AD.jpg","height":0,"width":0},"wordCount":674,"keywords":null},{"@type":"Article","@id":"https:\/\/www.evprag.cz\/kde-a-za-jakych-podminek\/","headline":"Kde a za jak\u00fdch podm\u00ednek?","url":"https:\/\/www.evprag.cz\/kde-a-za-jakych-podminek\/","datePublished":"2020-01-09","dateModified":"2023-05-03","mainEntityOfPage":"https:\/\/www.evprag.cz\/kde-a-za-jakych-podminek\/","author":{"@type":"Person","@id":"https:\/\/www.evprag.cz\/author\/#Person","name":"","url":"https:\/\/www.evprag.cz\/author\/","identifier":1,"image":{"@type":"ImageObject","@id":"https:\/\/secure.gravatar.com\/avatar\/2d2764a424a89ac38785df784051989f5c5cb264a2405c7e5d24c1907a83f0fb?s=96&d=mm&r=g","url":"https:\/\/secure.gravatar.com\/avatar\/2d2764a424a89ac38785df784051989f5c5cb264a2405c7e5d24c1907a83f0fb?s=96&d=mm&r=g","height":96,"width":96}},"publisher":{"@type":"Organization","name":"evprag.cz","logo":{"@type":"ImageObject","@id":"\/logo.png","url":"\/logo.png","width":600,"height":60}},"image":{"@type":"ImageObject","@id":"https:\/\/www.evprag.cz\/wp-content\/uploads\/img_a378837_w3384_t1590058394.jpg","url":"https:\/\/www.evprag.cz\/wp-content\/uploads\/img_a378837_w3384_t1590058394.jpg","height":0,"width":0},"wordCount":551,"keywords":null},{"@type":"Article","@id":"https:\/\/www.evprag.cz\/alfa-romeo-ziskala-rezervniho-jezdce-a-noveho-sponzora\/","headline":"Alfa Romeo z\u00edskala rezervn\u00edho jezdce a nov\u00e9ho sponzora","url":"https:\/\/www.evprag.cz\/alfa-romeo-ziskala-rezervniho-jezdce-a-noveho-sponzora\/","datePublished":"2020-01-04","dateModified":"2023-05-03","mainEntityOfPage":"https:\/\/www.evprag.cz\/alfa-romeo-ziskala-rezervniho-jezdce-a-noveho-sponzora\/","author":{"@type":"Person","@id":"https:\/\/www.evprag.cz\/author\/#Person","name":"","url":"https:\/\/www.evprag.cz\/author\/","identifier":1,"image":{"@type":"ImageObject","@id":"https:\/\/secure.gravatar.com\/avatar\/2d2764a424a89ac38785df784051989f5c5cb264a2405c7e5d24c1907a83f0fb?s=96&d=mm&r=g","url":"https:\/\/secure.gravatar.com\/avatar\/2d2764a424a89ac38785df784051989f5c5cb264a2405c7e5d24c1907a83f0fb?s=96&d=mm&r=g","height":96,"width":96}},"publisher":{"@type":"Organization","name":"evprag.cz","logo":{"@type":"ImageObject","@id":"\/logo.png","url":"\/logo.png","width":600,"height":60}},"image":{"@type":"ImageObject","@id":"https:\/\/www.evprag.cz\/wp-content\/uploads\/img_a367146_w3384_t1579594859.jpg","url":"https:\/\/www.evprag.cz\/wp-content\/uploads\/img_a367146_w3384_t1579594859.jpg","height":0,"width":0},"wordCount":4567,"keywords":null},{"@type":"Article","@id":"https:\/\/www.evprag.cz\/ekologicka-likvidace-vozidel\/","headline":"Ekologick\u00e1 likvidace vozidel","url":"https:\/\/www.evprag.cz\/ekologicka-likvidace-vozidel\/","datePublished":"2019-12-04","dateModified":"2023-05-03","mainEntityOfPage":"https:\/\/www.evprag.cz\/ekologicka-likvidace-vozidel\/","author":{"@type":"Person","@id":"https:\/\/www.evprag.cz\/author\/#Person","name":"","url":"https:\/\/www.evprag.cz\/author\/","identifier":1,"image":{"@type":"ImageObject","@id":"https:\/\/secure.gravatar.com\/avatar\/2d2764a424a89ac38785df784051989f5c5cb264a2405c7e5d24c1907a83f0fb?s=96&d=mm&r=g","url":"https:\/\/secure.gravatar.com\/avatar\/2d2764a424a89ac38785df784051989f5c5cb264a2405c7e5d24c1907a83f0fb?s=96&d=mm&r=g","height":96,"width":96}},"publisher":{"@type":"Organization","name":"evprag.cz","logo":{"@type":"ImageObject","@id":"\/logo.png","url":"\/logo.png","width":600,"height":60}},"image":{"@type":"ImageObject","@id":"https:\/\/www.evprag.cz\/wp-content\/uploads\/img_a365894_w4356_t1578558785.jpg","url":"https:\/\/www.evprag.cz\/wp-content\/uploads\/img_a365894_w4356_t1578558785.jpg","height":0,"width":0},"wordCount":454,"keywords":null},{"@type":"Article","@id":"https:\/\/www.evprag.cz\/mainska-myvali-kocka\/","headline":"Mainsk\u00e1 m\u00fdval\u00ed ko\u010dka","url":"https:\/\/www.evprag.cz\/mainska-myvali-kocka\/","datePublished":"2019-11-26","dateModified":"2023-05-03","mainEntityOfPage":"https:\/\/www.evprag.cz\/mainska-myvali-kocka\/","author":{"@type":"Person","@id":"https:\/\/www.evprag.cz\/author\/#Person","name":"","url":"https:\/\/www.evprag.cz\/author\/","identifier":1,"image":{"@type":"ImageObject","@id":"https:\/\/secure.gravatar.com\/avatar\/2d2764a424a89ac38785df784051989f5c5cb264a2405c7e5d24c1907a83f0fb?s=96&d=mm&r=g","url":"https:\/\/secure.gravatar.com\/avatar\/2d2764a424a89ac38785df784051989f5c5cb264a2405c7e5d24c1907a83f0fb?s=96&d=mm&r=g","height":96,"width":96}},"publisher":{"@type":"Organization","name":"evprag.cz","logo":{"@type":"ImageObject","@id":"\/logo.png","url":"\/logo.png","width":600,"height":60}},"image":{"@type":"ImageObject","@id":"https:\/\/www.evprag.cz\/wp-content\/uploads\/img_a359374_w3384_t1573373545.jpg","url":"https:\/\/www.evprag.cz\/wp-content\/uploads\/img_a359374_w3384_t1573373545.jpg","height":0,"width":0},"wordCount":467,"keywords":null},{"@type":"Article","@id":"https:\/\/www.evprag.cz\/s-mobilem-do-sveta\/","headline":"S mobilem do sv\u011bta","url":"https:\/\/www.evprag.cz\/s-mobilem-do-sveta\/","datePublished":"2019-11-06","dateModified":"2023-05-03","mainEntityOfPage":"https:\/\/www.evprag.cz\/s-mobilem-do-sveta\/","author":{"@type":"Person","@id":"https:\/\/www.evprag.cz\/author\/#Person","name":"","url":"https:\/\/www.evprag.cz\/author\/","identifier":1,"image":{"@type":"ImageObject","@id":"https:\/\/secure.gravatar.com\/avatar\/2d2764a424a89ac38785df784051989f5c5cb264a2405c7e5d24c1907a83f0fb?s=96&d=mm&r=g","url":"https:\/\/secure.gravatar.com\/avatar\/2d2764a424a89ac38785df784051989f5c5cb264a2405c7e5d24c1907a83f0fb?s=96&d=mm&r=g","height":96,"width":96}},"publisher":{"@type":"Organization","name":"evprag.cz","logo":{"@type":"ImageObject","@id":"\/logo.png","url":"\/logo.png","width":600,"height":60}},"image":{"@type":"ImageObject","@id":"https:\/\/www.evprag.cz\/wp-content\/uploads\/img_a361736_w3384_t1574873215.jpg","url":"https:\/\/www.evprag.cz\/wp-content\/uploads\/img_a361736_w3384_t1574873215.jpg","height":0,"width":0},"wordCount":556,"keywords":null},{"@type":"Article","@id":"https:\/\/www.evprag.cz\/dalsi-lide-na-mesici\/","headline":"Dal\u0161\u00ed lid\u00e9 na M\u011bs\u00edci?","url":"https:\/\/www.evprag.cz\/dalsi-lide-na-mesici\/","datePublished":"2019-10-10","dateModified":"2023-05-03","mainEntityOfPage":"https:\/\/www.evprag.cz\/dalsi-lide-na-mesici\/","author":{"@type":"Person","@id":"https:\/\/www.evprag.cz\/author\/#Person","name":"","url":"https:\/\/www.evprag.cz\/author\/","identifier":1,"image":{"@type":"ImageObject","@id":"https:\/\/secure.gravatar.com\/avatar\/2d2764a424a89ac38785df784051989f5c5cb264a2405c7e5d24c1907a83f0fb?s=96&d=mm&r=g","url":"https:\/\/secure.gravatar.com\/avatar\/2d2764a424a89ac38785df784051989f5c5cb264a2405c7e5d24c1907a83f0fb?s=96&d=mm&r=g","height":96,"width":96}},"publisher":{"@type":"Organization","name":"evprag.cz","logo":{"@type":"ImageObject","@id":"\/logo.png","url":"\/logo.png","width":600,"height":60}},"image":{"@type":"ImageObject","@id":"https:\/\/www.evprag.cz\/wp-content\/uploads\/img_a356340_w3384_t1570955054.jpg","url":"https:\/\/www.evprag.cz\/wp-content\/uploads\/img_a356340_w3384_t1570955054.jpg","height":0,"width":0},"wordCount":532,"keywords":null}]},{"@context":"https:\/\/schema.org","@type":"WebSite","@id":"https:\/\/www.evprag.cz\/#website","name":"Evprag","url":"https:\/\/www.evprag.cz","potentialAction":{"@type":"SearchAction","target":"https:\/\/www.evprag.cz\/?s={search_term_string}","query-input":"required name=search_term_string"}}]