{"@context":"https:\/\/schema.org\/","@type":"CollectionPage","@id":"https:\/\/www.evprag.cz\/penize\/#CollectionPage","headline":"Pen\u00edze Category","description":"","url":"https:\/\/www.evprag.cz\/penize\/","hasPart":[{"@type":"Article","@id":"https:\/\/www.evprag.cz\/s-penezi-je-to-nekdy-tezke\/","headline":"S pen\u011bzi je to n\u011bkdy t\u011b\u017ek\u00e9","url":"https:\/\/www.evprag.cz\/s-penezi-je-to-nekdy-tezke\/","datePublished":"2026-01-19","dateModified":"2026-01-19","mainEntityOfPage":"https:\/\/www.evprag.cz\/s-penezi-je-to-nekdy-tezke\/","author":{"@type":"Person","@id":"https:\/\/www.evprag.cz\/author\/#Person","name":"","url":"https:\/\/www.evprag.cz\/author\/","identifier":1,"image":{"@type":"ImageObject","@id":"https:\/\/secure.gravatar.com\/avatar\/2d2764a424a89ac38785df784051989f5c5cb264a2405c7e5d24c1907a83f0fb?s=96&d=mm&r=g","url":"https:\/\/secure.gravatar.com\/avatar\/2d2764a424a89ac38785df784051989f5c5cb264a2405c7e5d24c1907a83f0fb?s=96&d=mm&r=g","height":96,"width":96}},"publisher":{"@type":"Organization","name":"evprag.cz","logo":{"@type":"ImageObject","@id":"\/logo.png","url":"\/logo.png","width":600,"height":60}},"image":{"@type":"ImageObject","@id":"https:\/\/www.evprag.cz\/wp-content\/uploads\/ppppppppppppppp_10_10_10_10_10_1.jpg","url":"https:\/\/www.evprag.cz\/wp-content\/uploads\/ppppppppppppppp_10_10_10_10_10_1.jpg","height":0,"width":0},"keywords":null},{"@type":"Article","@id":"https:\/\/www.evprag.cz\/zasahla-vasi-firmu-probihajici-ekonomicka-krize-nepanikarte-jednejte\/","headline":"Zas\u00e1hla va\u0161i firmu prob\u00edhaj\u00edc\u00ed ekonomick\u00e1 krize? Nepanika\u0159te, jednejte!","url":"https:\/\/www.evprag.cz\/zasahla-vasi-firmu-probihajici-ekonomicka-krize-nepanikarte-jednejte\/","datePublished":"2022-04-29","dateModified":"2023-05-03","mainEntityOfPage":"https:\/\/www.evprag.cz\/zasahla-vasi-firmu-probihajici-ekonomicka-krize-nepanikarte-jednejte\/","author":{"@type":"Person","@id":"https:\/\/www.evprag.cz\/author\/#Person","name":"","url":"https:\/\/www.evprag.cz\/author\/","identifier":1,"image":{"@type":"ImageObject","@id":"https:\/\/secure.gravatar.com\/avatar\/2d2764a424a89ac38785df784051989f5c5cb264a2405c7e5d24c1907a83f0fb?s=96&d=mm&r=g","url":"https:\/\/secure.gravatar.com\/avatar\/2d2764a424a89ac38785df784051989f5c5cb264a2405c7e5d24c1907a83f0fb?s=96&d=mm&r=g","height":96,"width":96}},"publisher":{"@type":"Organization","name":"evprag.cz","logo":{"@type":"ImageObject","@id":"\/logo.png","url":"\/logo.png","width":600,"height":60}},"image":{"@type":"ImageObject","@id":"https:\/\/www.evprag.cz\/wp-content\/uploads\/businessman-1477601_640.jpg","url":"https:\/\/www.evprag.cz\/wp-content\/uploads\/businessman-1477601_640.jpg","height":0,"width":0},"keywords":null},{"@type":"Article","@id":"https:\/\/www.evprag.cz\/kdyz-pomuze-uz-jen-pujcka\/","headline":"Kdy\u017e pom\u016f\u017ee u\u017e jen p\u016fj\u010dka","url":"https:\/\/www.evprag.cz\/kdyz-pomuze-uz-jen-pujcka\/","datePublished":"2022-03-31","dateModified":"2023-05-03","mainEntityOfPage":"https:\/\/www.evprag.cz\/kdyz-pomuze-uz-jen-pujcka\/","author":{"@type":"Person","@id":"https:\/\/www.evprag.cz\/author\/#Person","name":"","url":"https:\/\/www.evprag.cz\/author\/","identifier":1,"image":{"@type":"ImageObject","@id":"https:\/\/secure.gravatar.com\/avatar\/2d2764a424a89ac38785df784051989f5c5cb264a2405c7e5d24c1907a83f0fb?s=96&d=mm&r=g","url":"https:\/\/secure.gravatar.com\/avatar\/2d2764a424a89ac38785df784051989f5c5cb264a2405c7e5d24c1907a83f0fb?s=96&d=mm&r=g","height":96,"width":96}},"publisher":{"@type":"Organization","name":"evprag.cz","logo":{"@type":"ImageObject","@id":"\/logo.png","url":"\/logo.png","width":600,"height":60}},"image":{"@type":"ImageObject","@id":"https:\/\/www.evprag.cz\/wp-content\/uploads\/thajsk%C3%A9%20mince_3.jpg","url":"https:\/\/www.evprag.cz\/wp-content\/uploads\/thajsk%C3%A9%20mince_3.jpg","height":0,"width":0},"keywords":null},{"@type":"Article","@id":"https:\/\/www.evprag.cz\/ptate-se-jak-prijit-k-bydleni\/","headline":"Pt\u00e1te se, jak p\u0159ij\u00edt k bydlen\u00ed?","url":"https:\/\/www.evprag.cz\/ptate-se-jak-prijit-k-bydleni\/","datePublished":"2021-09-19","dateModified":"2023-05-03","mainEntityOfPage":"https:\/\/www.evprag.cz\/ptate-se-jak-prijit-k-bydleni\/","author":{"@type":"Person","@id":"https:\/\/www.evprag.cz\/author\/#Person","name":"","url":"https:\/\/www.evprag.cz\/author\/","identifier":1,"image":{"@type":"ImageObject","@id":"https:\/\/secure.gravatar.com\/avatar\/2d2764a424a89ac38785df784051989f5c5cb264a2405c7e5d24c1907a83f0fb?s=96&d=mm&r=g","url":"https:\/\/secure.gravatar.com\/avatar\/2d2764a424a89ac38785df784051989f5c5cb264a2405c7e5d24c1907a83f0fb?s=96&d=mm&r=g","height":96,"width":96}},"publisher":{"@type":"Organization","name":"evprag.cz","logo":{"@type":"ImageObject","@id":"\/logo.png","url":"\/logo.png","width":600,"height":60}},"image":{"@type":"ImageObject","@id":"https:\/\/www.evprag.cz\/wp-content\/uploads\/modern%C3%AD%20bydlen%C3%AD_2.PNG","url":"https:\/\/www.evprag.cz\/wp-content\/uploads\/modern%C3%AD%20bydlen%C3%AD_2.PNG","height":0,"width":0},"keywords":null},{"@type":"Article","@id":"https:\/\/www.evprag.cz\/kde-prijit-k-penezum\/","headline":"Kde p\u0159ij\u00edt k pen\u011bz\u016fm","url":"https:\/\/www.evprag.cz\/kde-prijit-k-penezum\/","datePublished":"2021-05-16","dateModified":"2023-05-03","mainEntityOfPage":"https:\/\/www.evprag.cz\/kde-prijit-k-penezum\/","author":{"@type":"Person","@id":"https:\/\/www.evprag.cz\/author\/#Person","name":"","url":"https:\/\/www.evprag.cz\/author\/","identifier":1,"image":{"@type":"ImageObject","@id":"https:\/\/secure.gravatar.com\/avatar\/2d2764a424a89ac38785df784051989f5c5cb264a2405c7e5d24c1907a83f0fb?s=96&d=mm&r=g","url":"https:\/\/secure.gravatar.com\/avatar\/2d2764a424a89ac38785df784051989f5c5cb264a2405c7e5d24c1907a83f0fb?s=96&d=mm&r=g","height":96,"width":96}},"publisher":{"@type":"Organization","name":"evprag.cz","logo":{"@type":"ImageObject","@id":"\/logo.png","url":"\/logo.png","width":600,"height":60}},"image":{"@type":"ImageObject","@id":"https:\/\/www.evprag.cz\/wp-content\/uploads\/bal%C3%AD%C4%8Dky%20bankovek.jpg","url":"https:\/\/www.evprag.cz\/wp-content\/uploads\/bal%C3%AD%C4%8Dky%20bankovek.jpg","height":0,"width":0},"keywords":null},{"@type":"Article","@id":"https:\/\/www.evprag.cz\/jak-zvladnout-tezkosti\/","headline":"Jak zvl\u00e1dnout t\u011b\u017ekosti?","url":"https:\/\/www.evprag.cz\/jak-zvladnout-tezkosti\/","datePublished":"2020-11-16","dateModified":"2023-05-03","mainEntityOfPage":"https:\/\/www.evprag.cz\/jak-zvladnout-tezkosti\/","author":{"@type":"Person","@id":"https:\/\/www.evprag.cz\/author\/#Person","name":"","url":"https:\/\/www.evprag.cz\/author\/","identifier":1,"image":{"@type":"ImageObject","@id":"https:\/\/secure.gravatar.com\/avatar\/2d2764a424a89ac38785df784051989f5c5cb264a2405c7e5d24c1907a83f0fb?s=96&d=mm&r=g","url":"https:\/\/secure.gravatar.com\/avatar\/2d2764a424a89ac38785df784051989f5c5cb264a2405c7e5d24c1907a83f0fb?s=96&d=mm&r=g","height":96,"width":96}},"publisher":{"@type":"Organization","name":"evprag.cz","logo":{"@type":"ImageObject","@id":"\/logo.png","url":"\/logo.png","width":600,"height":60}},"image":{"@type":"ImageObject","@id":"https:\/\/www.evprag.cz\/wp-content\/uploads\/eura%20mince_10_10_2.jpg","url":"https:\/\/www.evprag.cz\/wp-content\/uploads\/eura%20mince_10_10_2.jpg","height":0,"width":0},"keywords":null},{"@type":"Article","@id":"https:\/\/www.evprag.cz\/najdeme-reseni-i-vasi-situace\/","headline":"Najdeme \u0159e\u0161en\u00ed i Va\u0161\u00ed situace","url":"https:\/\/www.evprag.cz\/najdeme-reseni-i-vasi-situace\/","datePublished":"2020-08-14","dateModified":"2023-05-03","mainEntityOfPage":"https:\/\/www.evprag.cz\/najdeme-reseni-i-vasi-situace\/","author":{"@type":"Person","@id":"https:\/\/www.evprag.cz\/author\/#Person","name":"","url":"https:\/\/www.evprag.cz\/author\/","identifier":1,"image":{"@type":"ImageObject","@id":"https:\/\/secure.gravatar.com\/avatar\/2d2764a424a89ac38785df784051989f5c5cb264a2405c7e5d24c1907a83f0fb?s=96&d=mm&r=g","url":"https:\/\/secure.gravatar.com\/avatar\/2d2764a424a89ac38785df784051989f5c5cb264a2405c7e5d24c1907a83f0fb?s=96&d=mm&r=g","height":96,"width":96}},"publisher":{"@type":"Organization","name":"evprag.cz","logo":{"@type":"ImageObject","@id":"\/logo.png","url":"\/logo.png","width":600,"height":60}},"image":{"@type":"ImageObject","@id":"https:\/\/www.evprag.cz\/wp-content\/uploads\/nedostatek%20pen%C4%9Bz_1.jpg","url":"https:\/\/www.evprag.cz\/wp-content\/uploads\/nedostatek%20pen%C4%9Bz_1.jpg","height":0,"width":0},"keywords":null},{"@type":"Article","@id":"https:\/\/www.evprag.cz\/podnikatelske-uvery-formou-hypoteky-bez-zkoumani-registru\/","headline":"Podnikatelsk\u00e9 \u00fav\u011bry formou hypot\u00e9ky bez zkoum\u00e1n\u00ed registr\u016f","url":"https:\/\/www.evprag.cz\/podnikatelske-uvery-formou-hypoteky-bez-zkoumani-registru\/","datePublished":"2020-07-19","dateModified":"2023-05-03","mainEntityOfPage":"https:\/\/www.evprag.cz\/podnikatelske-uvery-formou-hypoteky-bez-zkoumani-registru\/","author":{"@type":"Person","@id":"https:\/\/www.evprag.cz\/author\/#Person","name":"","url":"https:\/\/www.evprag.cz\/author\/","identifier":1,"image":{"@type":"ImageObject","@id":"https:\/\/secure.gravatar.com\/avatar\/2d2764a424a89ac38785df784051989f5c5cb264a2405c7e5d24c1907a83f0fb?s=96&d=mm&r=g","url":"https:\/\/secure.gravatar.com\/avatar\/2d2764a424a89ac38785df784051989f5c5cb264a2405c7e5d24c1907a83f0fb?s=96&d=mm&r=g","height":96,"width":96}},"publisher":{"@type":"Organization","name":"evprag.cz","logo":{"@type":"ImageObject","@id":"\/logo.png","url":"\/logo.png","width":600,"height":60}},"image":{"@type":"ImageObject","@id":"https:\/\/www.evprag.cz\/wp-content\/uploads\/podnikatel%20a%20podnikatelka.jpeg","url":"https:\/\/www.evprag.cz\/wp-content\/uploads\/podnikatel%20a%20podnikatelka.jpeg","height":0,"width":0},"keywords":null},{"@type":"Article","@id":"https:\/\/www.evprag.cz\/kde-a-za-jakych-podminek\/","headline":"Kde a za jak\u00fdch podm\u00ednek?","url":"https:\/\/www.evprag.cz\/kde-a-za-jakych-podminek\/","datePublished":"2020-01-09","dateModified":"2023-05-03","mainEntityOfPage":"https:\/\/www.evprag.cz\/kde-a-za-jakych-podminek\/","author":{"@type":"Person","@id":"https:\/\/www.evprag.cz\/author\/#Person","name":"","url":"https:\/\/www.evprag.cz\/author\/","identifier":1,"image":{"@type":"ImageObject","@id":"https:\/\/secure.gravatar.com\/avatar\/2d2764a424a89ac38785df784051989f5c5cb264a2405c7e5d24c1907a83f0fb?s=96&d=mm&r=g","url":"https:\/\/secure.gravatar.com\/avatar\/2d2764a424a89ac38785df784051989f5c5cb264a2405c7e5d24c1907a83f0fb?s=96&d=mm&r=g","height":96,"width":96}},"publisher":{"@type":"Organization","name":"evprag.cz","logo":{"@type":"ImageObject","@id":"\/logo.png","url":"\/logo.png","width":600,"height":60}},"image":{"@type":"ImageObject","@id":"https:\/\/www.evprag.cz\/wp-content\/uploads\/img_a378837_w3384_t1590058394.jpg","url":"https:\/\/www.evprag.cz\/wp-content\/uploads\/img_a378837_w3384_t1590058394.jpg","height":0,"width":0},"keywords":null},{"@type":"Article","@id":"https:\/\/www.evprag.cz\/deti-a-kapesne-aneb-jak-naucit-deti-setrit\/","headline":"D\u011bti a kapesn\u00e9 aneb jak nau\u010dit d\u011bti \u0161et\u0159it","url":"https:\/\/www.evprag.cz\/deti-a-kapesne-aneb-jak-naucit-deti-setrit\/","datePublished":"2019-09-06","dateModified":"2023-05-03","mainEntityOfPage":"https:\/\/www.evprag.cz\/deti-a-kapesne-aneb-jak-naucit-deti-setrit\/","author":{"@type":"Person","@id":"https:\/\/www.evprag.cz\/author\/#Person","name":"","url":"https:\/\/www.evprag.cz\/author\/","identifier":1,"image":{"@type":"ImageObject","@id":"https:\/\/secure.gravatar.com\/avatar\/2d2764a424a89ac38785df784051989f5c5cb264a2405c7e5d24c1907a83f0fb?s=96&d=mm&r=g","url":"https:\/\/secure.gravatar.com\/avatar\/2d2764a424a89ac38785df784051989f5c5cb264a2405c7e5d24c1907a83f0fb?s=96&d=mm&r=g","height":96,"width":96}},"publisher":{"@type":"Organization","name":"evprag.cz","logo":{"@type":"ImageObject","@id":"\/logo.png","url":"\/logo.png","width":600,"height":60}},"image":{"@type":"ImageObject","@id":"https:\/\/www.evprag.cz\/wp-content\/uploads\/img_a355224_w3384_t1569661933.jpg","url":"https:\/\/www.evprag.cz\/wp-content\/uploads\/img_a355224_w3384_t1569661933.jpg","height":0,"width":0},"keywords":null}]}