[{"@context":"https:\/\/schema.org\/","@type":"Article","@id":"https:\/\/www.evprag.cz\/s-automobilem-nebo-bez-auta\/#Article","mainEntityOfPage":"https:\/\/www.evprag.cz\/s-automobilem-nebo-bez-auta\/","headline":"S automobilem nebo bez auta?","name":"S automobilem nebo bez auta?","description":"Do pr\u00e1ce a do \u0161koly V\u00a0n\u011bkter\u00fdch zam\u011bstn\u00e1n\u00edch je nemo\u017en\u00e9 fungovat bez n\u011bkter\u00e9ho poj\u00edzdn\u00e9ho osobn\u00edho dopravn\u00edho prost\u0159edku. Nap\u0159\u00edklad jako taxik\u00e1\u0159 byste &hellip;","datePublished":"2025-03-02","dateModified":"2023-05-03","author":{"@type":"Person","@id":"https:\/\/www.evprag.cz\/author\/#Person","name":"","url":"https:\/\/www.evprag.cz\/author\/","identifier":1,"image":{"@type":"ImageObject","@id":"https:\/\/secure.gravatar.com\/avatar\/2d2764a424a89ac38785df784051989f5c5cb264a2405c7e5d24c1907a83f0fb?s=96&d=mm&r=g","url":"https:\/\/secure.gravatar.com\/avatar\/2d2764a424a89ac38785df784051989f5c5cb264a2405c7e5d24c1907a83f0fb?s=96&d=mm&r=g","height":96,"width":96}},"publisher":{"@type":"Organization","name":"evprag.cz","logo":{"@type":"ImageObject","@id":"\/logo.png","url":"\/logo.png","width":600,"height":60}},"image":{"@type":"ImageObject","@id":"https:\/\/www.evprag.cz\/wp-content\/uploads\/img_a295136_w2222_t1506708343.jpg","url":"https:\/\/www.evprag.cz\/wp-content\/uploads\/img_a295136_w2222_t1506708343.jpg","height":0,"width":0},"url":"https:\/\/www.evprag.cz\/s-automobilem-nebo-bez-auta\/","wordCount":512,"articleBody":"Do pr\u00e1ce a do \u0161kolyV\u00a0n\u011bkter\u00fdch zam\u011bstn\u00e1n\u00edch je nemo\u017en\u00e9 fungovat bez n\u011bkter\u00e9ho poj\u00edzdn\u00e9ho osobn\u00edho dopravn\u00edho prost\u0159edku. Nap\u0159\u00edklad jako taxik\u00e1\u0159 byste si bez n\u011bj nedovedli vyd\u011blat ani na slanou vodu. Stejn\u011b tak nen\u00ed mo\u017en\u00e9 pro \u0159idi\u010de kamion\u016f, aby n\u00e1klad, kter\u00fd maj\u00ed doru\u010dovat z\u00a0m\u00edsta na m\u00edsto, rozv\u00e1\u017eeli na kole \u010di jinou formou bezmotorov\u00e9 p\u0159epravy.V\u011bt\u0161ina zam\u011bstnanc\u016f nejr\u016fzn\u011bj\u0161\u00edch firem v\u0161ak nevyu\u017e\u00edv\u00e1 automobil coby zcela nezbytnou sou\u010d\u00e1st v\u00fdkonu sv\u00e9ho povol\u00e1n\u00ed, mnohem \u010dast\u011bji se jedn\u00e1 o formu sebeprezentace a snahu p\u0159edveden\u00ed sv\u00e9mu okol\u00ed, jak vysok\u00e9 \u017eivotn\u00ed \u00farovn\u011b byl jedinec schopen pro sebe zajistit. Ve v\u011bt\u0161\u00edch m\u011bstech \/stejn\u011b jako v\u00a0cel\u00e9 \u0159ad\u011b men\u0161\u00edch obytn\u00fdch oblast\u00ed) je veskrze v\u017edy mo\u017en\u00e9 dopravit se do m\u00edsta v\u00fdkonu pr\u00e1ce n\u011bkterou z\u00a0forem p\u0159epravy spadaj\u00edc\u00ed do oblasti takzvan\u00e9 m\u011bstsk\u00e9 hromadn\u00e9 dopravy.Tot\u00e9\u017e pak plat\u00ed tak\u00e9 pro p\u0159emis\u0165ov\u00e1n\u00ed d\u011bt\u00ed a pubescent\u016f za \u00fa\u010delem n\u00e1v\u0161t\u011bvy vzd\u011bl\u00e1vac\u00edho za\u0159\u00edzen\u00ed.\u00a0Na n\u00e1kupyZejm\u00e9na n\u00e1kupy rodinn\u00e9ho typu, kdy se sna\u017e\u00ed z\u00e1kazn\u00edci zajistit potraviny, drogistick\u00e9 \u010di spot\u0159ebn\u00ed zbo\u017e\u00ed pro \u010dleny vlastn\u00ed dom\u00e1cnosti na n\u011bkolik dn\u00ed \u010di dokonce t\u00fddn\u016f dop\u0159edu, jsou situac\u00ed, v\u00a0n\u00ed\u017e v\u011bt\u0161ina rodin ocen\u00ed mo\u017enost p\u0159epravy v\u0161ech nakoupen\u00fdch v\u011bc\u00ed automobilem.V\u00a0souvislosti s\u00a0nakupov\u00e1n\u00edm v\u0161ak je nutn\u00e9 upozornit hned na dv\u011b skute\u010dnosti, kter\u00e9 opr\u00e1vn\u011bnost podobn\u00fdch \u201ev\u00fdlet\u016f\u201c do supermarketu zp\u016fsobem, kter\u00fd zat\u011b\u017euje \u017eivotn\u00ed prost\u0159ed\u00ed a je v\u00fdrazn\u011b neekologick\u00fd, zpochyb\u0148uj\u00ed.1.\u00a0\u00a0\u00a0\u00a0\u00a0\u00a0 Krom\u011b skute\u010dn\u011b velik\u00fdch n\u00e1kupn\u00edch akc\u00ed je mo\u017en\u00e9 v\u011bt\u0161inu pot\u0159ebn\u00fdch potravin a dal\u0161\u00edho zbo\u017e\u00ed po\u0159izovat na denn\u00ed b\u00e1zi, a to formou p\u011b\u0161\u00edho n\u00e1kupu a odnosu a\u017e dom\u016f \u2013 o tomto faktu p\u0159esv\u011bd\u010duj\u00ed dnes a denn\u011b tis\u00edce \u017een, kter\u00e9 po skon\u010den\u00ed pracovn\u00ed doby a p\u0159ed zah\u00e1jen\u00edm dom\u00e1c\u00edch pracovn\u00edch \u010dinnost\u00ed je\u0161t\u011b stihnou nakoupit a nava\u0159it sv\u00fdm d\u011btem. Zde je tedy nutn\u00e9 apelovat p\u0159edev\u0161\u00edm na mu\u017ee sd\u011blen\u00edm, \u017ee nen\u00ed pot\u0159ebn\u00e9, aby ka\u017edou mali\u010dkost, kterou musej\u00ed po\u0159\u00eddit v\u00a0obchodn\u00edm dom\u011b, p\u0159ev\u00e1\u017eeli automobilem.2.\u00a0\u00a0\u00a0\u00a0\u00a0\u00a0 Druh\u00fdm argumentem je pak existence mo\u017enosti dopravy potravin a\u017e do domu n\u011bkterou z\u00a0p\u0159epravn\u00edch slu\u017eeb funguj\u00edc\u00edch pod taktovkou konkr\u00e9tn\u00edch supermarket\u016f. Tyto sice za \u00fa\u010delem rozvozu tak\u00e9 spot\u0159ebov\u00e1vaj\u00ed v\u00a0automobilech benz\u00edn, ov\u0161em vzhledem k\u00a0tomu, \u017ee Vy nebudete jedin\u00ed, komu budou dopravovat jeho n\u00e1kup, ve v\u00fdsledku dojde k\u00a0\u0161et\u0159en\u00ed okoln\u00ed p\u0159\u00edrody. Nav\u00edc, pokud skute\u010dn\u011b pot\u0159ebujete za\u0159\u00eddit objemn\u00fd n\u00e1kup, velmi pravd\u011bpodobn\u011b V\u00e1m nebude firma \u00fa\u010dtovat ani poplatek za p\u0159epravn\u00e9.                                                                                                                                                                                                                                                                                                                                                                                        4.7\/5 - (7 votes)        "},{"@context":"https:\/\/schema.org\/","@type":"BreadcrumbList","itemListElement":[{"@type":"ListItem","position":1,"name":"S automobilem nebo bez auta?","item":"https:\/\/www.evprag.cz\/s-automobilem-nebo-bez-auta\/#breadcrumbitem"}]}]