{"@context":"https:\/\/schema.org\/","@type":"CollectionPage","@id":"https:\/\/www.evprag.cz\/sluzby\/#CollectionPage","headline":"Slu\u017eby Category","description":"","url":"https:\/\/www.evprag.cz\/sluzby\/","hasPart":[{"@type":"Article","@id":"https:\/\/www.evprag.cz\/myti-oken-muze-byt-rizikova-pracovni-cinnost\/","headline":"Myt\u00ed oken m\u016f\u017ee b\u00fdt rizikov\u00e1 pracovn\u00ed \u010dinnost","url":"https:\/\/www.evprag.cz\/myti-oken-muze-byt-rizikova-pracovni-cinnost\/","datePublished":"2025-12-02","dateModified":"2025-12-02","mainEntityOfPage":"https:\/\/www.evprag.cz\/myti-oken-muze-byt-rizikova-pracovni-cinnost\/","author":{"@type":"Person","@id":"https:\/\/www.evprag.cz\/author\/#Person","name":"","url":"https:\/\/www.evprag.cz\/author\/","identifier":1,"image":{"@type":"ImageObject","@id":"https:\/\/secure.gravatar.com\/avatar\/2d2764a424a89ac38785df784051989f5c5cb264a2405c7e5d24c1907a83f0fb?s=96&d=mm&r=g","url":"https:\/\/secure.gravatar.com\/avatar\/2d2764a424a89ac38785df784051989f5c5cb264a2405c7e5d24c1907a83f0fb?s=96&d=mm&r=g","height":96,"width":96}},"publisher":{"@type":"Organization","name":"evprag.cz","logo":{"@type":"ImageObject","@id":"\/logo.png","url":"\/logo.png","width":600,"height":60}},"image":{"@type":"ImageObject","@id":"https:\/\/www.evprag.cz\/wp-content\/uploads\/skyscraper-1954745_640_10_4.jpg","url":"https:\/\/www.evprag.cz\/wp-content\/uploads\/skyscraper-1954745_640_10_4.jpg","height":0,"width":0},"keywords":null},{"@type":"Article","@id":"https:\/\/www.evprag.cz\/stehovani-v-praze-6-v-letnim-obdobi\/","headline":"St\u011bhov\u00e1n\u00ed v Praze 6 v letn\u00edm obdob\u00ed","url":"https:\/\/www.evprag.cz\/stehovani-v-praze-6-v-letnim-obdobi\/","datePublished":"2025-11-01","dateModified":"2025-11-01","mainEntityOfPage":"https:\/\/www.evprag.cz\/stehovani-v-praze-6-v-letnim-obdobi\/","author":{"@type":"Person","@id":"https:\/\/www.evprag.cz\/author\/#Person","name":"","url":"https:\/\/www.evprag.cz\/author\/","identifier":1,"image":{"@type":"ImageObject","@id":"https:\/\/secure.gravatar.com\/avatar\/2d2764a424a89ac38785df784051989f5c5cb264a2405c7e5d24c1907a83f0fb?s=96&d=mm&r=g","url":"https:\/\/secure.gravatar.com\/avatar\/2d2764a424a89ac38785df784051989f5c5cb264a2405c7e5d24c1907a83f0fb?s=96&d=mm&r=g","height":96,"width":96}},"publisher":{"@type":"Organization","name":"evprag.cz","logo":{"@type":"ImageObject","@id":"\/logo.png","url":"\/logo.png","width":600,"height":60}},"image":{"@type":"ImageObject","@id":"https:\/\/www.evprag.cz\/wp-content\/uploads\/heat-3571028_640.jpg","url":"https:\/\/www.evprag.cz\/wp-content\/uploads\/heat-3571028_640.jpg","height":0,"width":0},"keywords":null},{"@type":"Article","@id":"https:\/\/www.evprag.cz\/nebezpeci-pro-zuby\/","headline":"Nebezpe\u010d\u00ed pro zuby","url":"https:\/\/www.evprag.cz\/nebezpeci-pro-zuby\/","datePublished":"2025-10-23","dateModified":"2025-10-23","mainEntityOfPage":"https:\/\/www.evprag.cz\/nebezpeci-pro-zuby\/","author":{"@type":"Person","@id":"https:\/\/www.evprag.cz\/author\/#Person","name":"","url":"https:\/\/www.evprag.cz\/author\/","identifier":1,"image":{"@type":"ImageObject","@id":"https:\/\/secure.gravatar.com\/avatar\/2d2764a424a89ac38785df784051989f5c5cb264a2405c7e5d24c1907a83f0fb?s=96&d=mm&r=g","url":"https:\/\/secure.gravatar.com\/avatar\/2d2764a424a89ac38785df784051989f5c5cb264a2405c7e5d24c1907a83f0fb?s=96&d=mm&r=g","height":96,"width":96}},"publisher":{"@type":"Organization","name":"evprag.cz","logo":{"@type":"ImageObject","@id":"\/logo.png","url":"\/logo.png","width":600,"height":60}},"image":{"@type":"ImageObject","@id":"https:\/\/www.evprag.cz\/wp-content\/uploads\/pexels-skinny-tie-media-3205510-13147635.jpg","url":"https:\/\/www.evprag.cz\/wp-content\/uploads\/pexels-skinny-tie-media-3205510-13147635.jpg","height":0,"width":0},"keywords":null},{"@type":"Article","@id":"https:\/\/www.evprag.cz\/jak-resit-bolest-zad\/","headline":"Jak \u0159e\u0161it bolest zad&#8230;","url":"https:\/\/www.evprag.cz\/jak-resit-bolest-zad\/","datePublished":"2025-10-05","dateModified":"2025-10-05","mainEntityOfPage":"https:\/\/www.evprag.cz\/jak-resit-bolest-zad\/","author":{"@type":"Person","@id":"https:\/\/www.evprag.cz\/author\/#Person","name":"","url":"https:\/\/www.evprag.cz\/author\/","identifier":1,"image":{"@type":"ImageObject","@id":"https:\/\/secure.gravatar.com\/avatar\/2d2764a424a89ac38785df784051989f5c5cb264a2405c7e5d24c1907a83f0fb?s=96&d=mm&r=g","url":"https:\/\/secure.gravatar.com\/avatar\/2d2764a424a89ac38785df784051989f5c5cb264a2405c7e5d24c1907a83f0fb?s=96&d=mm&r=g","height":96,"width":96}},"publisher":{"@type":"Organization","name":"evprag.cz","logo":{"@type":"ImageObject","@id":"\/logo.png","url":"\/logo.png","width":600,"height":60}},"image":{"@type":"ImageObject","@id":"https:\/\/www.evprag.cz\/wp-content\/uploads\/back-pain-6949392_640_8.jpg","url":"https:\/\/www.evprag.cz\/wp-content\/uploads\/back-pain-6949392_640_8.jpg","height":0,"width":0},"keywords":null},{"@type":"Article","@id":"https:\/\/www.evprag.cz\/puda-prestane-byt-jen-ulozistem\/","headline":"P\u016fda p\u0159estane b\u00fdt jen \u00falo\u017ei\u0161t\u011bm","url":"https:\/\/www.evprag.cz\/puda-prestane-byt-jen-ulozistem\/","datePublished":"2025-09-04","dateModified":"2025-09-04","mainEntityOfPage":"https:\/\/www.evprag.cz\/puda-prestane-byt-jen-ulozistem\/","author":{"@type":"Person","@id":"https:\/\/www.evprag.cz\/author\/#Person","name":"","url":"https:\/\/www.evprag.cz\/author\/","identifier":1,"image":{"@type":"ImageObject","@id":"https:\/\/secure.gravatar.com\/avatar\/2d2764a424a89ac38785df784051989f5c5cb264a2405c7e5d24c1907a83f0fb?s=96&d=mm&r=g","url":"https:\/\/secure.gravatar.com\/avatar\/2d2764a424a89ac38785df784051989f5c5cb264a2405c7e5d24c1907a83f0fb?s=96&d=mm&r=g","height":96,"width":96}},"publisher":{"@type":"Organization","name":"evprag.cz","logo":{"@type":"ImageObject","@id":"\/logo.png","url":"\/logo.png","width":600,"height":60}},"image":{"@type":"ImageObject","@id":"https:\/\/www.evprag.cz\/wp-content\/uploads\/podkrov%C3%AD_1.jpg","url":"https:\/\/www.evprag.cz\/wp-content\/uploads\/podkrov%C3%AD_1.jpg","height":0,"width":0},"keywords":null},{"@type":"Article","@id":"https:\/\/www.evprag.cz\/nepodcenujte-revizi-hromosvodu\/","headline":"Nepodce\u0148ujte revizi hromosvodu","url":"https:\/\/www.evprag.cz\/nepodcenujte-revizi-hromosvodu\/","datePublished":"2025-08-12","dateModified":"2025-08-12","mainEntityOfPage":"https:\/\/www.evprag.cz\/nepodcenujte-revizi-hromosvodu\/","author":{"@type":"Person","@id":"https:\/\/www.evprag.cz\/author\/#Person","name":"","url":"https:\/\/www.evprag.cz\/author\/","identifier":1,"image":{"@type":"ImageObject","@id":"https:\/\/secure.gravatar.com\/avatar\/2d2764a424a89ac38785df784051989f5c5cb264a2405c7e5d24c1907a83f0fb?s=96&d=mm&r=g","url":"https:\/\/secure.gravatar.com\/avatar\/2d2764a424a89ac38785df784051989f5c5cb264a2405c7e5d24c1907a83f0fb?s=96&d=mm&r=g","height":96,"width":96}},"publisher":{"@type":"Organization","name":"evprag.cz","logo":{"@type":"ImageObject","@id":"\/logo.png","url":"\/logo.png","width":600,"height":60}},"image":{"@type":"ImageObject","@id":"https:\/\/www.evprag.cz\/wp-content\/uploads\/flash-1455285_640_10.jpg","url":"https:\/\/www.evprag.cz\/wp-content\/uploads\/flash-1455285_640_10.jpg","height":0,"width":0},"keywords":null},{"@type":"Article","@id":"https:\/\/www.evprag.cz\/problem-s-nizkymi-prijmy\/","headline":"Probl\u00e9m s n\u00edzk\u00fdmi p\u0159\u00edjmy","url":"https:\/\/www.evprag.cz\/problem-s-nizkymi-prijmy\/","datePublished":"2025-04-10","dateModified":"2025-04-10","mainEntityOfPage":"https:\/\/www.evprag.cz\/problem-s-nizkymi-prijmy\/","author":{"@type":"Person","@id":"https:\/\/www.evprag.cz\/author\/#Person","name":"","url":"https:\/\/www.evprag.cz\/author\/","identifier":1,"image":{"@type":"ImageObject","@id":"https:\/\/secure.gravatar.com\/avatar\/2d2764a424a89ac38785df784051989f5c5cb264a2405c7e5d24c1907a83f0fb?s=96&d=mm&r=g","url":"https:\/\/secure.gravatar.com\/avatar\/2d2764a424a89ac38785df784051989f5c5cb264a2405c7e5d24c1907a83f0fb?s=96&d=mm&r=g","height":96,"width":96}},"publisher":{"@type":"Organization","name":"evprag.cz","logo":{"@type":"ImageObject","@id":"\/logo.png","url":"\/logo.png","width":600,"height":60}},"image":{"@type":"ImageObject","@id":"https:\/\/www.evprag.cz\/wp-content\/uploads\/car-3318597_640_10_5.jpg","url":"https:\/\/www.evprag.cz\/wp-content\/uploads\/car-3318597_640_10_5.jpg","height":0,"width":0},"keywords":null},{"@type":"Article","@id":"https:\/\/www.evprag.cz\/na-kotveni-pricek-porotherm-pouzijte-kotvy-spiral-anksys\/","headline":"Na kotven\u00ed p\u0159\u00ed\u010dek Porotherm pou\u017eijte kotvy Spiral Anksys","url":"https:\/\/www.evprag.cz\/na-kotveni-pricek-porotherm-pouzijte-kotvy-spiral-anksys\/","datePublished":"2025-02-11","dateModified":"2025-02-11","mainEntityOfPage":"https:\/\/www.evprag.cz\/na-kotveni-pricek-porotherm-pouzijte-kotvy-spiral-anksys\/","author":{"@type":"Person","@id":"https:\/\/www.evprag.cz\/author\/#Person","name":"","url":"https:\/\/www.evprag.cz\/author\/","identifier":1,"image":{"@type":"ImageObject","@id":"https:\/\/secure.gravatar.com\/avatar\/2d2764a424a89ac38785df784051989f5c5cb264a2405c7e5d24c1907a83f0fb?s=96&d=mm&r=g","url":"https:\/\/secure.gravatar.com\/avatar\/2d2764a424a89ac38785df784051989f5c5cb264a2405c7e5d24c1907a83f0fb?s=96&d=mm&r=g","height":96,"width":96}},"publisher":{"@type":"Organization","name":"evprag.cz","logo":{"@type":"ImageObject","@id":"\/logo.png","url":"\/logo.png","width":600,"height":60}},"image":{"@type":"ImageObject","@id":"https:\/\/www.evprag.cz\/wp-content\/uploads\/barrow-420728_640_10_4.jpg","url":"https:\/\/www.evprag.cz\/wp-content\/uploads\/barrow-420728_640_10_4.jpg","height":0,"width":0},"keywords":null},{"@type":"Article","@id":"https:\/\/www.evprag.cz\/nline-rezervacni-system-nejen-pro-sportovni-halu\/","headline":"nline rezerva\u010dn\u00ed syst\u00e9m (nejen) pro sportovn\u00ed halu","url":"https:\/\/www.evprag.cz\/nline-rezervacni-system-nejen-pro-sportovni-halu\/","datePublished":"2025-01-19","dateModified":"2025-01-19","mainEntityOfPage":"https:\/\/www.evprag.cz\/nline-rezervacni-system-nejen-pro-sportovni-halu\/","author":{"@type":"Person","@id":"https:\/\/www.evprag.cz\/author\/#Person","name":"","url":"https:\/\/www.evprag.cz\/author\/","identifier":1,"image":{"@type":"ImageObject","@id":"https:\/\/secure.gravatar.com\/avatar\/2d2764a424a89ac38785df784051989f5c5cb264a2405c7e5d24c1907a83f0fb?s=96&d=mm&r=g","url":"https:\/\/secure.gravatar.com\/avatar\/2d2764a424a89ac38785df784051989f5c5cb264a2405c7e5d24c1907a83f0fb?s=96&d=mm&r=g","height":96,"width":96}},"publisher":{"@type":"Organization","name":"evprag.cz","logo":{"@type":"ImageObject","@id":"\/logo.png","url":"\/logo.png","width":600,"height":60}},"image":{"@type":"ImageObject","@id":"https:\/\/www.evprag.cz\/wp-content\/uploads\/volleyball-520083_640.jpg","url":"https:\/\/www.evprag.cz\/wp-content\/uploads\/volleyball-520083_640.jpg","height":0,"width":0},"keywords":null},{"@type":"Article","@id":"https:\/\/www.evprag.cz\/jak-na-ucpany-odpad\/","headline":"Jak na ucpan\u00fd odpad?","url":"https:\/\/www.evprag.cz\/jak-na-ucpany-odpad\/","datePublished":"2024-12-22","dateModified":"2024-12-22","mainEntityOfPage":"https:\/\/www.evprag.cz\/jak-na-ucpany-odpad\/","author":{"@type":"Person","@id":"https:\/\/www.evprag.cz\/author\/#Person","name":"","url":"https:\/\/www.evprag.cz\/author\/","identifier":1,"image":{"@type":"ImageObject","@id":"https:\/\/secure.gravatar.com\/avatar\/2d2764a424a89ac38785df784051989f5c5cb264a2405c7e5d24c1907a83f0fb?s=96&d=mm&r=g","url":"https:\/\/secure.gravatar.com\/avatar\/2d2764a424a89ac38785df784051989f5c5cb264a2405c7e5d24c1907a83f0fb?s=96&d=mm&r=g","height":96,"width":96}},"publisher":{"@type":"Organization","name":"evprag.cz","logo":{"@type":"ImageObject","@id":"\/logo.png","url":"\/logo.png","width":600,"height":60}},"image":{"@type":"ImageObject","@id":"https:\/\/www.evprag.cz\/wp-content\/uploads\/sanibell-bv-kes2t3Z0l0o-unsplash.jpg","url":"https:\/\/www.evprag.cz\/wp-content\/uploads\/sanibell-bv-kes2t3Z0l0o-unsplash.jpg","height":0,"width":0},"keywords":null}]}