[{"@context":"https:\/\/schema.org\/","@type":"Article","@id":"https:\/\/www.evprag.cz\/volkswagen-passat\/#Article","mainEntityOfPage":"https:\/\/www.evprag.cz\/volkswagen-passat\/","headline":"Volkswagen Passat","name":"Volkswagen Passat","description":"Volkswagen Passat br\u00e1zd\u00ed na\u0161e silnice velmi dlouhou dobou, p\u0159i\u010dem\u017e obl\u00edben\u00e1 verze je 2.0 TDI. Pokud V\u00e1m na n\u011bm chyb\u00ed ta\u017en\u00e9, &hellip;","datePublished":"2020-10-19","dateModified":"2023-05-03","author":{"@type":"Person","@id":"https:\/\/www.evprag.cz\/author\/#Person","name":"","url":"https:\/\/www.evprag.cz\/author\/","identifier":1,"image":{"@type":"ImageObject","@id":"https:\/\/secure.gravatar.com\/avatar\/2d2764a424a89ac38785df784051989f5c5cb264a2405c7e5d24c1907a83f0fb?s=96&d=mm&r=g","url":"https:\/\/secure.gravatar.com\/avatar\/2d2764a424a89ac38785df784051989f5c5cb264a2405c7e5d24c1907a83f0fb?s=96&d=mm&r=g","height":96,"width":96}},"publisher":{"@type":"Organization","name":"evprag.cz","logo":{"@type":"ImageObject","@id":"\/logo.png","url":"\/logo.png","width":600,"height":60}},"image":{"@type":"ImageObject","@id":"https:\/\/www.evprag.cz\/wp-content\/uploads\/vw%20passat.jpg","url":"https:\/\/www.evprag.cz\/wp-content\/uploads\/vw%20passat.jpg","height":0,"width":0},"url":"https:\/\/www.evprag.cz\/volkswagen-passat\/","about":["Produkty"],"wordCount":479,"articleBody":"      Volkswagen Passat br\u00e1zd\u00ed na\u0161e silnice velmi dlouhou dobou, p\u0159i\u010dem\u017e obl\u00edben\u00e1 verze je 2.0 TDI. Pokud V\u00e1m na n\u011bm chyb\u00ed ta\u017en\u00e9, tak nen\u00ed probl\u00e9m jej p\u0159ikoupit.Volkswagen PassatP\u0159i v\u00fdb\u011bru d\u00e1vejte pozorPassat se rozhodn\u011b m\u016f\u017ee py\u0161nit nejen u n\u00e1s svou dobrou obl\u00edbenost\u00ed, kter\u00e1 je do zna\u010dn\u00e9 m\u00edry opravdu obl\u00edben\u00e1. P\u0159eci jen v\u011bt\u0161ina majitel\u016f V\u00e1m potvrd\u00ed, \u017ee tento v\u016fz je rozhodn\u011b pohodln\u00fd a svou pr\u00e1ci v\u017edy odvede. Sice to nen\u00ed \u017e\u00e1dn\u00fd spor\u0165\u00e1k, s kter\u00fdm budete p\u0159edj\u00ed\u017ed\u011bt v\u011bt\u0161inu voz\u016f, ale o to zde ani nejde. Zam\u011b\u0159uje se toti\u017e na j\u00edzdn\u00ed komfort a c\u00edlem je, abyste si j\u00edzdu vychutn\u00e1vali v pohodl\u00ed a z\u00e1rove\u0148 jste mohli p\u0159ev\u00e9st i v\u011bt\u0161\u00ed n\u00e1klad. Pokud se tedy rozhodnete, \u017ee je to spr\u00e1vn\u00e1 volba pro V\u00e1s, tak u ojetin si dejte na p\u00e1r v\u011bc\u00ed pozor. Tou prvn\u00ed je podvozek, kdy mus\u00edme pohl\u00eddat dr\u017een\u00ed stopy a spr\u00e1vn\u00e9 tlumen\u00ed nerovnost\u00ed. Nyn\u00ed se posuneme na v\u00fdb\u011br motorizac\u00ed, kter\u00fd nesm\u00edme rozhodn\u011b podcenit. U benz\u00ednov\u00fdch motor\u016f je to pom\u011brn\u011b slo\u017eit\u011bj\u0161\u00ed, proto\u017ee pro v\u00fdkon je tu sice 3.6 FSI, kdy ov\u0161em mus\u00edme db\u00e1t na servis a po\u010d\u00edtat se spot\u0159ebou. U slab\u0161\u00edch benz\u00edn\u016f je slo\u017eit\u00fd syst\u00e9m pln\u011bn\u00ed, kdy m\u016f\u017eou nastat probl\u00e9my. A proto se velmi obl\u00edbenou st\u00e1v\u00e1 nafta 2.0 TDI.Ta\u017en\u00e9 za\u0159\u00edzen\u00edPassaty ve variant\u011b combi jsou opravdu praktick\u00e1 auta, proto\u017ee jejich velk\u00fd kufr posta\u010d\u00ed i v\u011bt\u0161\u00edm rodin\u00e1m, kdy nebude probl\u00e9m do n\u011bj d\u00e1t ve\u0161ker\u00e9 v\u011bci t\u0159eba na dovolenou. Tak\u00e9 n\u00e1s m\u016f\u017eou potkat chv\u00edle, kdy si koup\u00edme novou sk\u0159\u00ed\u0148 a tu mus\u00edme dopravit n\u011bjak dom\u016f. V tomto p\u0159\u00edpad\u011b sta\u010d\u00ed za n\u00e1\u0161 v\u016fz p\u0159ipojit p\u0159\u00edv\u011bsn\u00fd voz\u00edk a vyrazit sm\u011brem dom\u016f. K tomuto p\u0159ipojen\u00ed je pochopiteln\u011b zapot\u0159eb\u00ed ta\u017en\u00e9 za\u0159\u00edzen\u00ed. Mnoho voz\u016f, kter\u00e9 koup\u00edte po p\u0159edchoz\u00edm majiteli jej, ale nem\u00e1, co\u017e je rozhodn\u011b \u0161koda, kdy p\u0159ich\u00e1z\u00edte o velkou u\u017eitkovou hodnotu. Na\u0161t\u011bst\u00ed kdykoliv m\u016f\u017eete p\u0159ikoupit ta\u017en\u00e9 za\u0159\u00edzen\u00ed VW Passat, kter\u00e9 n\u00e1dhern\u011b spln\u00ed sv\u016fj \u00fa\u010del. M\u016f\u017ee b\u00fdt dodate\u010dn\u011b namontov\u00e1no na v\u016fz ta\u017en\u00e9? Odpov\u011b\u010f na tuto \u010dastou ot\u00e1zku je jasn\u00e1, proto\u017ee nic tomu nebr\u00e1n\u00ed. Nejprve v\u0161e sta\u010d\u00ed zapojit, co\u017e m\u016f\u017eete p\u0159enechat na servisu a n\u00e1sledn\u011b nech\u00e1te zapojen\u00ed a upevn\u011bn\u00ed zkontrolovat. Po vystaven\u00ed dokladu zajdete na \u00fa\u0159ad a bude proveden z\u00e1pis do technick\u00e9ho pr\u016fkazu.                                                                                                                                                                                                                                                                                                                                                                                          4.6\/5 - (11 votes)        "},{"@context":"https:\/\/schema.org\/","@type":"BreadcrumbList","itemListElement":[{"@type":"ListItem","position":1,"name":"Volkswagen Passat","item":"https:\/\/www.evprag.cz\/volkswagen-passat\/#breadcrumbitem"}]}]